{"id":3033,"date":"2025-04-13T19:21:30","date_gmt":"2025-04-13T17:21:30","guid":{"rendered":"https:\/\/www.kunstverein-arnsberg.de\/?p=3033"},"modified":"2025-07-01T12:27:16","modified_gmt":"2025-07-01T10:27:16","slug":"versumpfung","status":"publish","type":"post","link":"https:\/\/www.kunstverein-arnsberg.de\/en\/2025\/04\/13\/versumpfung\/","title":{"rendered":"VERSUMPFUNG: Adriano Amaral"},"content":{"rendered":"<div class=\"wp-block-columns is-layout-flex wp-container-core-columns-is-layout-1 wp-block-columns-is-layout-flex\">\n<div class=\"wp-block-column is-layout-flow wp-block-column-is-layout-flow\" style=\"flex-basis:33.33%\">\n<p>Adriano Amaral<br>VITAL VAPORS<br>13. April &#8211; 8. Juni 2025<\/p>\n<\/div>\n\n\n\n<div class=\"wp-block-column is-layout-flow wp-block-column-is-layout-flow\" style=\"flex-basis:66.66%\">\n<figure class=\"wp-block-image size-full has-custom-border\"><img loading=\"lazy\" decoding=\"async\" width=\"1288\" height=\"1816\" src=\"https:\/\/www.kunstverein-arnsberg.de\/wp-content\/uploads\/2025\/03\/Screenshot-2025-03-28-at-14.24.58.png\" alt=\"\" class=\"wp-image-3349\" style=\"border-style:none;border-width:0px;border-radius:0px\" srcset=\"https:\/\/www.kunstverein-arnsberg.de\/wp-content\/uploads\/2025\/03\/Screenshot-2025-03-28-at-14.24.58.png 1288w, https:\/\/www.kunstverein-arnsberg.de\/wp-content\/uploads\/2025\/03\/Screenshot-2025-03-28-at-14.24.58-213x300.png 213w, https:\/\/www.kunstverein-arnsberg.de\/wp-content\/uploads\/2025\/03\/Screenshot-2025-03-28-at-14.24.58-726x1024.png 726w, https:\/\/www.kunstverein-arnsberg.de\/wp-content\/uploads\/2025\/03\/Screenshot-2025-03-28-at-14.24.58-768x1083.png 768w, https:\/\/www.kunstverein-arnsberg.de\/wp-content\/uploads\/2025\/03\/Screenshot-2025-03-28-at-14.24.58-1089x1536.png 1089w, https:\/\/www.kunstverein-arnsberg.de\/wp-content\/uploads\/2025\/03\/Screenshot-2025-03-28-at-14.24.58-9x12.png 9w\" sizes=\"(max-width: 1288px) 100vw, 1288px\" \/><\/figure>\n\n\n\n<div style=\"height:5px\" aria-hidden=\"true\" class=\"wp-block-spacer\"><\/div>\n\n\n\n<p class=\" translation-block\">Opening: 13 April 2025, 11 AM - 3 PM\n<br>Press Preview: 10 April 2025, 11 AM\n<br>Exhibition: 13 April -  8 June 2025\n<br>Exhibition venues: Kunstverein Arnsberg and Lichthaus Arnsberg<\/p>\n\n\n\n<p>Er\u00f6ffnungsreden: Gru\u00dfw\u00f6rte von Frau Dr. Barbara R\u00fcschoff Parzinger, Frau Minkel Kulturb\u00fcro Arnsberg und Einf\u00fchrung in die Ausstellung und das Projekt VERSUMPFUNG von Prof. Pauline Doutreluingne <\/p>\n\n\n\n<p class=\" translation-block\">The solo exhibition  <strong>VITALS VAPORS <\/strong>  by the Brazilian artist  <strong>Adriano Amaral <\/strong>  opens as part of the annual programme  <strong>VERSUMPFUNG <\/strong> at Kunstverein Arnsberg. Curated by Pauline Doutreluingne, the programme explores how changing ecologies manifest themselves in contemporary artistic practice, particularly at the interface between water and land, between physical and spiritual ideological landscapes. The exhibition opens up an understanding of humans as part of a complex ecosystem whose definition is rapidly changing in the face of climate change<\/p>\n\n\n\n<p>In his artistic work, Adriano Amaral explores materiality, time and space, creating complex, immersive and transformative landscapes that can be experienced through the senses. This transformation is not only physical but also symbolic, questioning the permanence of meaning in content and form. His practice is based on an intuitive and pluralistic approach. Numerous dichotomies - natural\/artificial, abstract\/figurative, material\/immaterial, ecology\/technology - play a role, but the interesting aspect is that new hybrid forms and content constantly emerge and enable new perspectives in the juxtaposition. His installations stimulate our thinking and drive us into the liminal zone between the strangely absurd and the known and familiar. They are like talismans from the future that evoke a new iconography. His oeuvre is more than mere representation; it invites us to enter into a deep, psychic and physical experience, awakening sensations and states of mind linked to our captivation with the chimerical.<\/p>\n\n\n\n<p class=\" translation-block\">The floor of the Kunstverein in Arnsberg has been transformed. It is now covered with black-grey lava sand, the windows have been covered with antifreeze agent and the view to the outside is obscured. Natural light flows into the space, but not excessively. The four basic elements of fire, water, earth and air come up against silicone, acrylic and prosthetic rubber. Industrial and everyday objects are combined, natural and synthetic elements merge and the resulting hybrid sculptures and paintings populate the space. For instance, the <em>Prosthetic Painting Series<\/em>  (2023) hangs on the wall, resembling sci-fi swamp landscapes from another world or the future. Several (kinetic) sculptures hang and stand in the room, bringing together unexpected and elegant assemblages of acrylic pipe, silicone, pigment, shells, wire, ants, LCD screens, twigs and electronic components. In the middle of the room, three monitors hang from the ceiling in a triangle, showing the atmospheric film <em>Mar de F\u00e9<\/em> from 2020. The film is set on a rugged coastline at night. The camera glides over foaming waves, chases through dark bushes and along shiny, resinous tree trunks. The exhibition is like a porous experience, in which the viewer is left to decide how to take it in.<\/p>\n\n\n\n<p>Im Lichthaus Arnsberg, unweit vom Kunstverein, ist die Installation <em>Mar de F\u00e9<\/em> The installation Mar de F\u00e9 (2020) can be seen in the Lichthaus Arnsberg, not far from the Kunstverein. It consists of an octagonal aluminium tank, steam, water, various seeds, silicone, peat and aluminium casts of fish. The base consists of modular solar panels. Over time, the influence of sunlight has created subtle purple and green patches on the dark surface. This artificial landscape conveys a sense of time and transformative energy through technological devices that accompany us in our daily lives. Amaral allows organic and industrial things to interact with each other on this platform. The compressed peat soil dries and shrinks slowly, while mould forms on the surface, absorbing the mist from the humidifiers. The octagon has been a recurring architectural and ornamental motif in many cultures since ancient times. Its symbolism is related to the integration of the material and spiritual worlds through the harmony between the square, which symbolises the earth, and the circle, which represents the sky, the divine dimension.\nA sculpture hanging above the octagonal basin was made from casted aluminium fish fossils and recalls the book One Hundred Years of Solitude by Gabriel Garc\u00eda M\u00e1rquez- in which a man began to cast and melt fish in a cyclical quest from matter\nto form and back to matter again.\nThe exhibition VITALS VAPORS questions the extent to which it is possible for us today to step out of rigid thought patterns and try to understand the environment that surrounds us in its transformation.<\/p>\n\n\n\n<p><strong>ADRIANO AMARAL<\/strong> lives in Brazil. He obtained an MFA in Sculpture at the Royal College of Art, London, before taking up a residency at De Ateliers, Amsterdam, in 2016. He has had solo exhibitions at Galerie Fons Welters, Amsterdam (NL), Witte de With Center for Contemporary Art, Rotterdam (NL), Rodeo Gallery, London (UK), GRIMM Gallery, New York (US) and Bielefelder Kunstverein, Bielefeld (DE), among others, and has participated in numerous group exhibitions such as Museum of Modern Art of S\u00e3o Paulo (2024), Kunsthalle Recklinghausen (2024) and Mudam, Luxembourg, LU (2020)<br><\/p>\n\n\n\n<p class=\" translation-block\"><strong>SWAMPING (2024 - 2025) <\/strong>explores how changing ecologies manifest themselves in artistic practice. In addition to a selection of new and existing works by established and emerging international visual artists, artists from various disciplines as well as ecologists and activists are invited to create an artistic sensibility and imagination for an ecological past, present and future. In this project, the Kunstverein has set itself the task of developing public awareness of the principle of moorland and swamping as an ecological strategy.<\/p>\n\n\n\n<p><br>09.06.-30.06.2024: LUNDAHL &amp; SEITL &#8211; River Biographies<br>13.04.-08.06.2025: ADRIANO AMARAL &#8211; Vitals Vapors<br>27.06.-23.08.2025: PATRICIA DOM\u00cdNGUEZ &#8211; Liquid Mantras<br>28.06.-29.06.2025: WETLANDS FOR THE FUTURE (Panel\/Symposium\/Activations)<br>12.09.-16.11.2025: ELISE EERAERTS &amp; ROBERTO APARICIO RONDA<\/p>\n\n\n\n<p>For further information and press material, please contact: carolauehlken@gmail.com<\/p>\n\n\n\n<p><br>The exhibition is sponsored by the Stiftung Kunstfonds Bonn, the City of Arnsberg, the Hochsauerlandkreis and the LWL Cultural Foundation as part of the cultural programme for the anniversary year 2025 \u20181250 Years of Westphalia\u2019. The patron of the cultural programme is Federal President Frank-Walter Steinmeier.<\/p>\n\n\n\n<div style=\"height:15px\" aria-hidden=\"true\" class=\"wp-block-spacer\"><\/div>\n<\/div>\n<\/div>\n\n\n\n<div class=\"wp-block-columns is-layout-flex wp-container-core-columns-is-layout-2 wp-block-columns-is-layout-flex\">\n<div class=\"wp-block-column has-global-padding is-layout-constrained wp-block-column-is-layout-constrained\" style=\"flex-basis:800px\">\n<figure class=\"wp-block-gallery alignfull has-nested-images columns-1 wp-block-gallery-1 is-layout-flex wp-block-gallery-is-layout-flex\">\n<figure class=\"wp-block-image size-full\"><img loading=\"lazy\" decoding=\"async\" width=\"2560\" height=\"1706\" src=\"https:\/\/www.kunstverein-arnsberg.de\/wp-content\/uploads\/2025\/04\/VitalsVapors01-low-scaled.jpg\" alt=\"\" class=\"wp-image-3362\" srcset=\"https:\/\/www.kunstverein-arnsberg.de\/wp-content\/uploads\/2025\/04\/VitalsVapors01-low-scaled.jpg 2560w, https:\/\/www.kunstverein-arnsberg.de\/wp-content\/uploads\/2025\/04\/VitalsVapors01-low-300x200.jpg 300w, https:\/\/www.kunstverein-arnsberg.de\/wp-content\/uploads\/2025\/04\/VitalsVapors01-low-1024x683.jpg 1024w, https:\/\/www.kunstverein-arnsberg.de\/wp-content\/uploads\/2025\/04\/VitalsVapors01-low-768x512.jpg 768w, https:\/\/www.kunstverein-arnsberg.de\/wp-content\/uploads\/2025\/04\/VitalsVapors01-low-1536x1024.jpg 1536w, https:\/\/www.kunstverein-arnsberg.de\/wp-content\/uploads\/2025\/04\/VitalsVapors01-low-2048x1365.jpg 2048w, https:\/\/www.kunstverein-arnsberg.de\/wp-content\/uploads\/2025\/04\/VitalsVapors01-low-18x12.jpg 18w\" sizes=\"(max-width: 2560px) 100vw, 2560px\" \/><\/figure>\n\n\n\n<figure class=\"wp-block-image size-full\"><img loading=\"lazy\" decoding=\"async\" width=\"2560\" height=\"1706\" src=\"https:\/\/www.kunstverein-arnsberg.de\/wp-content\/uploads\/2025\/04\/VitalsVapors02-low-scaled.jpg\" alt=\"\" class=\"wp-image-3363\" srcset=\"https:\/\/www.kunstverein-arnsberg.de\/wp-content\/uploads\/2025\/04\/VitalsVapors02-low-scaled.jpg 2560w, https:\/\/www.kunstverein-arnsberg.de\/wp-content\/uploads\/2025\/04\/VitalsVapors02-low-300x200.jpg 300w, https:\/\/www.kunstverein-arnsberg.de\/wp-content\/uploads\/2025\/04\/VitalsVapors02-low-1024x683.jpg 1024w, https:\/\/www.kunstverein-arnsberg.de\/wp-content\/uploads\/2025\/04\/VitalsVapors02-low-768x512.jpg 768w, https:\/\/www.kunstverein-arnsberg.de\/wp-content\/uploads\/2025\/04\/VitalsVapors02-low-1536x1024.jpg 1536w, https:\/\/www.kunstverein-arnsberg.de\/wp-content\/uploads\/2025\/04\/VitalsVapors02-low-2048x1365.jpg 2048w, https:\/\/www.kunstverein-arnsberg.de\/wp-content\/uploads\/2025\/04\/VitalsVapors02-low-18x12.jpg 18w\" sizes=\"(max-width: 2560px) 100vw, 2560px\" \/><figcaption class=\"wp-element-caption\"> photo credit: Michel Ptasinski<\/figcaption><\/figure>\n\n\n\n<figure class=\"wp-block-image size-full\"><img loading=\"lazy\" decoding=\"async\" width=\"996\" height=\"858\" src=\"https:\/\/www.kunstverein-arnsberg.de\/wp-content\/uploads\/2025\/03\/Captura-de-Tela-2025-01-03-as-09.21.00.png\" alt=\"\" class=\"wp-image-3334\" srcset=\"https:\/\/www.kunstverein-arnsberg.de\/wp-content\/uploads\/2025\/03\/Captura-de-Tela-2025-01-03-as-09.21.00.png 996w, https:\/\/www.kunstverein-arnsberg.de\/wp-content\/uploads\/2025\/03\/Captura-de-Tela-2025-01-03-as-09.21.00-300x258.png 300w, https:\/\/www.kunstverein-arnsberg.de\/wp-content\/uploads\/2025\/03\/Captura-de-Tela-2025-01-03-as-09.21.00-768x662.png 768w, https:\/\/www.kunstverein-arnsberg.de\/wp-content\/uploads\/2025\/03\/Captura-de-Tela-2025-01-03-as-09.21.00-14x12.png 14w\" sizes=\"(max-width: 996px) 100vw, 996px\" \/><figcaption class=\"wp-element-caption\"> photo credit: Michel Ptasinski<\/figcaption><\/figure>\n\n\n\n<figure class=\"wp-block-image size-full\"><img loading=\"lazy\" decoding=\"async\" width=\"2560\" height=\"1706\" src=\"https:\/\/www.kunstverein-arnsberg.de\/wp-content\/uploads\/2025\/04\/VitalsVapors31-low-scaled.jpg\" alt=\"\" class=\"wp-image-3365\" srcset=\"https:\/\/www.kunstverein-arnsberg.de\/wp-content\/uploads\/2025\/04\/VitalsVapors31-low-scaled.jpg 2560w, https:\/\/www.kunstverein-arnsberg.de\/wp-content\/uploads\/2025\/04\/VitalsVapors31-low-300x200.jpg 300w, https:\/\/www.kunstverein-arnsberg.de\/wp-content\/uploads\/2025\/04\/VitalsVapors31-low-1024x683.jpg 1024w, https:\/\/www.kunstverein-arnsberg.de\/wp-content\/uploads\/2025\/04\/VitalsVapors31-low-768x512.jpg 768w, https:\/\/www.kunstverein-arnsberg.de\/wp-content\/uploads\/2025\/04\/VitalsVapors31-low-1536x1024.jpg 1536w, https:\/\/www.kunstverein-arnsberg.de\/wp-content\/uploads\/2025\/04\/VitalsVapors31-low-2048x1365.jpg 2048w, https:\/\/www.kunstverein-arnsberg.de\/wp-content\/uploads\/2025\/04\/VitalsVapors31-low-18x12.jpg 18w\" sizes=\"(max-width: 2560px) 100vw, 2560px\" \/><figcaption class=\"wp-element-caption\"> photo credit: Michel Ptasinski<\/figcaption><\/figure>\n\n\n\n<figure class=\"wp-block-image size-full\"><img loading=\"lazy\" decoding=\"async\" width=\"2560\" height=\"1706\" src=\"https:\/\/www.kunstverein-arnsberg.de\/wp-content\/uploads\/2025\/04\/VitalsVapors39-low-scaled.jpg\" alt=\"\" class=\"wp-image-3366\" srcset=\"https:\/\/www.kunstverein-arnsberg.de\/wp-content\/uploads\/2025\/04\/VitalsVapors39-low-scaled.jpg 2560w, https:\/\/www.kunstverein-arnsberg.de\/wp-content\/uploads\/2025\/04\/VitalsVapors39-low-300x200.jpg 300w, https:\/\/www.kunstverein-arnsberg.de\/wp-content\/uploads\/2025\/04\/VitalsVapors39-low-1024x683.jpg 1024w, https:\/\/www.kunstverein-arnsberg.de\/wp-content\/uploads\/2025\/04\/VitalsVapors39-low-768x512.jpg 768w, https:\/\/www.kunstverein-arnsberg.de\/wp-content\/uploads\/2025\/04\/VitalsVapors39-low-1536x1024.jpg 1536w, https:\/\/www.kunstverein-arnsberg.de\/wp-content\/uploads\/2025\/04\/VitalsVapors39-low-2048x1365.jpg 2048w, https:\/\/www.kunstverein-arnsberg.de\/wp-content\/uploads\/2025\/04\/VitalsVapors39-low-18x12.jpg 18w\" sizes=\"(max-width: 2560px) 100vw, 2560px\" \/><figcaption class=\"wp-element-caption\"> photo credit: Michel Ptasinski<\/figcaption><\/figure>\n\n\n\n<figure class=\"wp-block-image size-full\"><img loading=\"lazy\" decoding=\"async\" width=\"2560\" height=\"1706\" src=\"https:\/\/www.kunstverein-arnsberg.de\/wp-content\/uploads\/2025\/04\/Vitals-Vapors-Glass-house-7-low-scaled.jpg\" alt=\"\" class=\"wp-image-3367\" srcset=\"https:\/\/www.kunstverein-arnsberg.de\/wp-content\/uploads\/2025\/04\/Vitals-Vapors-Glass-house-7-low-scaled.jpg 2560w, https:\/\/www.kunstverein-arnsberg.de\/wp-content\/uploads\/2025\/04\/Vitals-Vapors-Glass-house-7-low-300x200.jpg 300w, https:\/\/www.kunstverein-arnsberg.de\/wp-content\/uploads\/2025\/04\/Vitals-Vapors-Glass-house-7-low-1024x683.jpg 1024w, https:\/\/www.kunstverein-arnsberg.de\/wp-content\/uploads\/2025\/04\/Vitals-Vapors-Glass-house-7-low-768x512.jpg 768w, https:\/\/www.kunstverein-arnsberg.de\/wp-content\/uploads\/2025\/04\/Vitals-Vapors-Glass-house-7-low-1536x1024.jpg 1536w, https:\/\/www.kunstverein-arnsberg.de\/wp-content\/uploads\/2025\/04\/Vitals-Vapors-Glass-house-7-low-2048x1365.jpg 2048w, https:\/\/www.kunstverein-arnsberg.de\/wp-content\/uploads\/2025\/04\/Vitals-Vapors-Glass-house-7-low-18x12.jpg 18w\" sizes=\"(max-width: 2560px) 100vw, 2560px\" \/><\/figure>\n\n\n\n<figure class=\"wp-block-image size-full\"><img loading=\"lazy\" decoding=\"async\" width=\"2560\" height=\"1706\" src=\"https:\/\/www.kunstverein-arnsberg.de\/wp-content\/uploads\/2025\/04\/Vitals-Vapors-Glass-house-4-low-scaled.jpg\" alt=\"\" class=\"wp-image-3368\" srcset=\"https:\/\/www.kunstverein-arnsberg.de\/wp-content\/uploads\/2025\/04\/Vitals-Vapors-Glass-house-4-low-scaled.jpg 2560w, https:\/\/www.kunstverein-arnsberg.de\/wp-content\/uploads\/2025\/04\/Vitals-Vapors-Glass-house-4-low-300x200.jpg 300w, https:\/\/www.kunstverein-arnsberg.de\/wp-content\/uploads\/2025\/04\/Vitals-Vapors-Glass-house-4-low-1024x683.jpg 1024w, https:\/\/www.kunstverein-arnsberg.de\/wp-content\/uploads\/2025\/04\/Vitals-Vapors-Glass-house-4-low-768x512.jpg 768w, https:\/\/www.kunstverein-arnsberg.de\/wp-content\/uploads\/2025\/04\/Vitals-Vapors-Glass-house-4-low-1536x1024.jpg 1536w, https:\/\/www.kunstverein-arnsberg.de\/wp-content\/uploads\/2025\/04\/Vitals-Vapors-Glass-house-4-low-2048x1365.jpg 2048w, https:\/\/www.kunstverein-arnsberg.de\/wp-content\/uploads\/2025\/04\/Vitals-Vapors-Glass-house-4-low-18x12.jpg 18w\" sizes=\"(max-width: 2560px) 100vw, 2560px\" \/><figcaption class=\"wp-element-caption\">Adriano Amaral, Mar de Fe (2020), solar panels, peat compost, stainless steel tank, water, humidifies, aluminium pots, silicone, seeds, aluminium casts of fish, photo credit: Michel Ptasinski<\/figcaption><\/figure>\n<\/figure>\n<\/div>\n<\/div>","protected":false},"excerpt":{"rendered":"<p>Adriano AmaralVITAL VAPORS13. April &#8211; 8. Juni 2025 Er\u00f6ffnung: 13. April 2025, 11:00 &#8211; 15:00 Uhr Pressetermin: 10 April 2025, 11:00 UhrAusstellung: 13. April\u20138. Juni 2025Ausstellungsort: Kunstverein Arnsberg und Lichthaus Arnsberg Er\u00f6ffnungsreden: Gru\u00dfw\u00f6rte von Frau Dr. Barbara R\u00fcschoff Parzinger, Frau Minkel Kulturb\u00fcro Arnsberg und Einf\u00fchrung in die Ausstellung und das Projekt VERSUMPFUNG von Prof. Pauline [&hellip;]<\/p>","protected":false},"author":5,"featured_media":3367,"comment_status":"closed","ping_status":"closed","sticky":false,"template":"","format":"standard","meta":{"footnotes":""},"categories":[31],"tags":[58,57],"_links":{"self":[{"href":"https:\/\/www.kunstverein-arnsberg.de\/en\/wp-json\/wp\/v2\/posts\/3033"}],"collection":[{"href":"https:\/\/www.kunstverein-arnsberg.de\/en\/wp-json\/wp\/v2\/posts"}],"about":[{"href":"https:\/\/www.kunstverein-arnsberg.de\/en\/wp-json\/wp\/v2\/types\/post"}],"author":[{"embeddable":true,"href":"https:\/\/www.kunstverein-arnsberg.de\/en\/wp-json\/wp\/v2\/users\/5"}],"replies":[{"embeddable":true,"href":"https:\/\/www.kunstverein-arnsberg.de\/en\/wp-json\/wp\/v2\/comments?post=3033"}],"version-history":[{"count":14,"href":"https:\/\/www.kunstverein-arnsberg.de\/en\/wp-json\/wp\/v2\/posts\/3033\/revisions"}],"predecessor-version":[{"id":3708,"href":"https:\/\/www.kunstverein-arnsberg.de\/en\/wp-json\/wp\/v2\/posts\/3033\/revisions\/3708"}],"wp:featuredmedia":[{"embeddable":true,"href":"https:\/\/www.kunstverein-arnsberg.de\/en\/wp-json\/wp\/v2\/media\/3367"}],"wp:attachment":[{"href":"https:\/\/www.kunstverein-arnsberg.de\/en\/wp-json\/wp\/v2\/media?parent=3033"}],"wp:term":[{"taxonomy":"category","embeddable":true,"href":"https:\/\/www.kunstverein-arnsberg.de\/en\/wp-json\/wp\/v2\/categories?post=3033"},{"taxonomy":"post_tag","embeddable":true,"href":"https:\/\/www.kunstverein-arnsberg.de\/en\/wp-json\/wp\/v2\/tags?post=3033"}],"curies":[{"name":"wp","href":"https:\/\/api.w.org\/{rel}","templated":true}]}}